[{"@context":"https:\/\/schema.org\/","@type":"Blog","@id":"https:\/\/www.pasko.cz#Blog","headline":"Pasko","description":"\nM\u00e1te pocit, \u017ee se proti v\u00e1m v\u0161echno na cel\u00e9m sv\u011bt\u011b spiknulo? V\u011b\u0159te, \u017ee tomu tak nen\u00ed. N\u00e1\u0161 web z\u016fst\u00e1v\u00e1 v\u017edy a za v\u0161ech okolnost\u00ed na va\u0161\u00ed stran\u011b.","url":"https:\/\/www.pasko.cz","hasPart":[{"@type":"Article","@id":"https:\/\/www.pasko.cz\/vyparovani-vody-z-bazenu-lze-redukovat-kryci-plachtou\/","headline":"Vypa\u0159ov\u00e1n\u00ed vody z baz\u00e9nu lze redukovat kryc\u00ed plachtou","url":"https:\/\/www.pasko.cz\/vyparovani-vody-z-bazenu-lze-redukovat-kryci-plachtou\/","datePublished":"2026-01-05","dateModified":"2026-01-05","mainEntityOfPage":"https:\/\/www.pasko.cz\/vyparovani-vody-z-bazenu-lze-redukovat-kryci-plachtou\/","author":{"@type":"Person","@id":"https:\/\/www.pasko.cz\/author\/#Person","name":"","url":"https:\/\/www.pasko.cz\/author\/","identifier":1,"image":{"@type":"ImageObject","@id":"https:\/\/secure.gravatar.com\/avatar\/ade5060b95d9432296fc92debd2ba3136f7a4d727a7bc57afe18c4808c7d7ac9?s=96&d=mm&r=g","url":"https:\/\/secure.gravatar.com\/avatar\/ade5060b95d9432296fc92debd2ba3136f7a4d727a7bc57afe18c4808c7d7ac9?s=96&d=mm&r=g","height":96,"width":96}},"publisher":{"@type":"Organization","name":"pasko.cz","logo":{"@type":"ImageObject","@id":"\/logo.png","url":"\/logo.png","width":600,"height":60}},"image":{"@type":"ImageObject","@id":"https:\/\/www.pasko.cz\/wp-content\/uploads\/sunglasses-2705642_640_10_3.jpg","url":"https:\/\/www.pasko.cz\/wp-content\/uploads\/sunglasses-2705642_640_10_3.jpg","height":0,"width":0},"wordCount":613,"keywords":null},{"@type":"Article","@id":"https:\/\/www.pasko.cz\/proc-rozdat-vasim-zamestnancum-firemni-bloky\/","headline":"Pro\u010d rozdat va\u0161im zam\u011bstnanc\u016fm firemn\u00ed bloky","url":"https:\/\/www.pasko.cz\/proc-rozdat-vasim-zamestnancum-firemni-bloky\/","datePublished":"2025-08-14","dateModified":"2025-08-14","mainEntityOfPage":"https:\/\/www.pasko.cz\/proc-rozdat-vasim-zamestnancum-firemni-bloky\/","author":{"@type":"Person","@id":"https:\/\/www.pasko.cz\/author\/#Person","name":"","url":"https:\/\/www.pasko.cz\/author\/","identifier":1,"image":{"@type":"ImageObject","@id":"https:\/\/secure.gravatar.com\/avatar\/ade5060b95d9432296fc92debd2ba3136f7a4d727a7bc57afe18c4808c7d7ac9?s=96&d=mm&r=g","url":"https:\/\/secure.gravatar.com\/avatar\/ade5060b95d9432296fc92debd2ba3136f7a4d727a7bc57afe18c4808c7d7ac9?s=96&d=mm&r=g","height":96,"width":96}},"publisher":{"@type":"Organization","name":"pasko.cz","logo":{"@type":"ImageObject","@id":"\/logo.png","url":"\/logo.png","width":600,"height":60}},"image":{"@type":"ImageObject","@id":"https:\/\/www.pasko.cz\/wp-content\/uploads\/coffee-1250412_640_4.jpg","url":"https:\/\/www.pasko.cz\/wp-content\/uploads\/coffee-1250412_640_4.jpg","height":0,"width":0},"wordCount":509,"keywords":null},{"@type":"Article","@id":"https:\/\/www.pasko.cz\/za-tepla-se-chodime-koupat\/","headline":"Za tepla se chod\u00edme koupat","url":"https:\/\/www.pasko.cz\/za-tepla-se-chodime-koupat\/","datePublished":"2025-08-04","dateModified":"2025-08-04","mainEntityOfPage":"https:\/\/www.pasko.cz\/za-tepla-se-chodime-koupat\/","author":{"@type":"Person","@id":"https:\/\/www.pasko.cz\/author\/#Person","name":"","url":"https:\/\/www.pasko.cz\/author\/","identifier":1,"image":{"@type":"ImageObject","@id":"https:\/\/secure.gravatar.com\/avatar\/ade5060b95d9432296fc92debd2ba3136f7a4d727a7bc57afe18c4808c7d7ac9?s=96&d=mm&r=g","url":"https:\/\/secure.gravatar.com\/avatar\/ade5060b95d9432296fc92debd2ba3136f7a4d727a7bc57afe18c4808c7d7ac9?s=96&d=mm&r=g","height":96,"width":96}},"publisher":{"@type":"Organization","name":"pasko.cz","logo":{"@type":"ImageObject","@id":"\/logo.png","url":"\/logo.png","width":600,"height":60}},"image":{"@type":"ImageObject","@id":"https:\/\/www.pasko.cz\/wp-content\/uploads\/bb_10_10_10_10_10_10_10_10_10.jpg","url":"https:\/\/www.pasko.cz\/wp-content\/uploads\/bb_10_10_10_10_10_10_10_10_10.jpg","height":0,"width":0},"wordCount":649,"keywords":null},{"@type":"Article","@id":"https:\/\/www.pasko.cz\/reklamni-hrnky-na-firemnim-skoleni\/","headline":"Reklamn\u00ed hrnky na firemn\u00edm \u0161kolen\u00ed","url":"https:\/\/www.pasko.cz\/reklamni-hrnky-na-firemnim-skoleni\/","datePublished":"2025-07-06","dateModified":"2025-07-06","mainEntityOfPage":"https:\/\/www.pasko.cz\/reklamni-hrnky-na-firemnim-skoleni\/","author":{"@type":"Person","@id":"https:\/\/www.pasko.cz\/author\/#Person","name":"","url":"https:\/\/www.pasko.cz\/author\/","identifier":1,"image":{"@type":"ImageObject","@id":"https:\/\/secure.gravatar.com\/avatar\/ade5060b95d9432296fc92debd2ba3136f7a4d727a7bc57afe18c4808c7d7ac9?s=96&d=mm&r=g","url":"https:\/\/secure.gravatar.com\/avatar\/ade5060b95d9432296fc92debd2ba3136f7a4d727a7bc57afe18c4808c7d7ac9?s=96&d=mm&r=g","height":96,"width":96}},"publisher":{"@type":"Organization","name":"pasko.cz","logo":{"@type":"ImageObject","@id":"\/logo.png","url":"\/logo.png","width":600,"height":60}},"image":{"@type":"ImageObject","@id":"https:\/\/www.pasko.cz\/wp-content\/uploads\/autumn-3614808_640.jpg","url":"https:\/\/www.pasko.cz\/wp-content\/uploads\/autumn-3614808_640.jpg","height":0,"width":0},"wordCount":584,"keywords":null},{"@type":"Article","@id":"https:\/\/www.pasko.cz\/moderni-kuchyni-si-muzete-dovolit\/","headline":"Modern\u00ed kuchyni si m\u016f\u017eete dovolit","url":"https:\/\/www.pasko.cz\/moderni-kuchyni-si-muzete-dovolit\/","datePublished":"2025-06-08","dateModified":"2025-06-08","mainEntityOfPage":"https:\/\/www.pasko.cz\/moderni-kuchyni-si-muzete-dovolit\/","author":{"@type":"Person","@id":"https:\/\/www.pasko.cz\/author\/#Person","name":"","url":"https:\/\/www.pasko.cz\/author\/","identifier":1,"image":{"@type":"ImageObject","@id":"https:\/\/secure.gravatar.com\/avatar\/ade5060b95d9432296fc92debd2ba3136f7a4d727a7bc57afe18c4808c7d7ac9?s=96&d=mm&r=g","url":"https:\/\/secure.gravatar.com\/avatar\/ade5060b95d9432296fc92debd2ba3136f7a4d727a7bc57afe18c4808c7d7ac9?s=96&d=mm&r=g","height":96,"width":96}},"publisher":{"@type":"Organization","name":"pasko.cz","logo":{"@type":"ImageObject","@id":"\/logo.png","url":"\/logo.png","width":600,"height":60}},"image":{"@type":"ImageObject","@id":"https:\/\/www.pasko.cz\/wp-content\/uploads\/kitchen-6778196_640_6.jpg","url":"https:\/\/www.pasko.cz\/wp-content\/uploads\/kitchen-6778196_640_6.jpg","height":0,"width":0},"wordCount":554,"keywords":null},{"@type":"Article","@id":"https:\/\/www.pasko.cz\/pravy-a-silny-caj\/","headline":"Prav\u00fd a siln\u00fd \u010daj","url":"https:\/\/www.pasko.cz\/pravy-a-silny-caj\/","datePublished":"2025-06-03","dateModified":"2025-06-03","mainEntityOfPage":"https:\/\/www.pasko.cz\/pravy-a-silny-caj\/","author":{"@type":"Person","@id":"https:\/\/www.pasko.cz\/author\/#Person","name":"","url":"https:\/\/www.pasko.cz\/author\/","identifier":1,"image":{"@type":"ImageObject","@id":"https:\/\/secure.gravatar.com\/avatar\/ade5060b95d9432296fc92debd2ba3136f7a4d727a7bc57afe18c4808c7d7ac9?s=96&d=mm&r=g","url":"https:\/\/secure.gravatar.com\/avatar\/ade5060b95d9432296fc92debd2ba3136f7a4d727a7bc57afe18c4808c7d7ac9?s=96&d=mm&r=g","height":96,"width":96}},"publisher":{"@type":"Organization","name":"pasko.cz","logo":{"@type":"ImageObject","@id":"\/logo.png","url":"\/logo.png","width":600,"height":60}},"image":{"@type":"ImageObject","@id":"https:\/\/www.pasko.cz\/wp-content\/uploads\/reading-7807231_640_4.jpg","url":"https:\/\/www.pasko.cz\/wp-content\/uploads\/reading-7807231_640_4.jpg","height":0,"width":0},"wordCount":595,"keywords":null},{"@type":"Article","@id":"https:\/\/www.pasko.cz\/vejire\/","headline":"V\u011bj\u00ed\u0159e","url":"https:\/\/www.pasko.cz\/vejire\/","datePublished":"2025-04-25","dateModified":"2025-04-25","mainEntityOfPage":"https:\/\/www.pasko.cz\/vejire\/","author":{"@type":"Person","@id":"https:\/\/www.pasko.cz\/author\/#Person","name":"","url":"https:\/\/www.pasko.cz\/author\/","identifier":1,"image":{"@type":"ImageObject","@id":"https:\/\/secure.gravatar.com\/avatar\/ade5060b95d9432296fc92debd2ba3136f7a4d727a7bc57afe18c4808c7d7ac9?s=96&d=mm&r=g","url":"https:\/\/secure.gravatar.com\/avatar\/ade5060b95d9432296fc92debd2ba3136f7a4d727a7bc57afe18c4808c7d7ac9?s=96&d=mm&r=g","height":96,"width":96}},"publisher":{"@type":"Organization","name":"pasko.cz","logo":{"@type":"ImageObject","@id":"\/logo.png","url":"\/logo.png","width":600,"height":60}},"image":null,"wordCount":234,"keywords":null},{"@type":"Article","@id":"https:\/\/www.pasko.cz\/sauna-praha\/","headline":"Sauna Praha","url":"https:\/\/www.pasko.cz\/sauna-praha\/","datePublished":"2025-04-20","dateModified":"2025-04-20","mainEntityOfPage":"https:\/\/www.pasko.cz\/sauna-praha\/","author":{"@type":"Person","@id":"https:\/\/www.pasko.cz\/author\/#Person","name":"","url":"https:\/\/www.pasko.cz\/author\/","identifier":1,"image":{"@type":"ImageObject","@id":"https:\/\/secure.gravatar.com\/avatar\/ade5060b95d9432296fc92debd2ba3136f7a4d727a7bc57afe18c4808c7d7ac9?s=96&d=mm&r=g","url":"https:\/\/secure.gravatar.com\/avatar\/ade5060b95d9432296fc92debd2ba3136f7a4d727a7bc57afe18c4808c7d7ac9?s=96&d=mm&r=g","height":96,"width":96}},"publisher":{"@type":"Organization","name":"pasko.cz","logo":{"@type":"ImageObject","@id":"\/logo.png","url":"\/logo.png","width":600,"height":60}},"image":null,"wordCount":254,"keywords":null},{"@type":"Article","@id":"https:\/\/www.pasko.cz\/krasne-vyhledy\/","headline":"Kr\u00e1sn\u00e9 v\u00fdhledy","url":"https:\/\/www.pasko.cz\/krasne-vyhledy\/","datePublished":"2025-04-12","dateModified":"2025-04-12","mainEntityOfPage":"https:\/\/www.pasko.cz\/krasne-vyhledy\/","author":{"@type":"Person","@id":"https:\/\/www.pasko.cz\/author\/#Person","name":"","url":"https:\/\/www.pasko.cz\/author\/","identifier":1,"image":{"@type":"ImageObject","@id":"https:\/\/secure.gravatar.com\/avatar\/ade5060b95d9432296fc92debd2ba3136f7a4d727a7bc57afe18c4808c7d7ac9?s=96&d=mm&r=g","url":"https:\/\/secure.gravatar.com\/avatar\/ade5060b95d9432296fc92debd2ba3136f7a4d727a7bc57afe18c4808c7d7ac9?s=96&d=mm&r=g","height":96,"width":96}},"publisher":{"@type":"Organization","name":"pasko.cz","logo":{"@type":"ImageObject","@id":"\/logo.png","url":"\/logo.png","width":600,"height":60}},"image":null,"wordCount":217,"keywords":null},{"@type":"Article","@id":"https:\/\/www.pasko.cz\/co-je-na-stehovani-nejobtiznejsi\/","headline":"Co je na st\u011bhov\u00e1n\u00ed nejobt\u00ed\u017en\u011bj\u0161\u00ed","url":"https:\/\/www.pasko.cz\/co-je-na-stehovani-nejobtiznejsi\/","datePublished":"2025-04-11","dateModified":"2025-04-11","mainEntityOfPage":"https:\/\/www.pasko.cz\/co-je-na-stehovani-nejobtiznejsi\/","author":{"@type":"Person","@id":"https:\/\/www.pasko.cz\/author\/#Person","name":"","url":"https:\/\/www.pasko.cz\/author\/","identifier":1,"image":{"@type":"ImageObject","@id":"https:\/\/secure.gravatar.com\/avatar\/ade5060b95d9432296fc92debd2ba3136f7a4d727a7bc57afe18c4808c7d7ac9?s=96&d=mm&r=g","url":"https:\/\/secure.gravatar.com\/avatar\/ade5060b95d9432296fc92debd2ba3136f7a4d727a7bc57afe18c4808c7d7ac9?s=96&d=mm&r=g","height":96,"width":96}},"publisher":{"@type":"Organization","name":"pasko.cz","logo":{"@type":"ImageObject","@id":"\/logo.png","url":"\/logo.png","width":600,"height":60}},"image":{"@type":"ImageObject","@id":"https:\/\/www.pasko.cz\/wp-content\/uploads\/box-2507269_640_8.png","url":"https:\/\/www.pasko.cz\/wp-content\/uploads\/box-2507269_640_8.png","height":0,"width":0},"wordCount":614,"keywords":null}]},{"@context":"https:\/\/schema.org","@type":"WebSite","@id":"https:\/\/www.pasko.cz\/#website","name":"Pasko","url":"https:\/\/www.pasko.cz","potentialAction":{"@type":"SearchAction","target":"https:\/\/www.pasko.cz\/?s={search_term_string}","query-input":"required name=search_term_string"}}]