[{"@context":"https:\/\/schema.org\/","@type":"Article","@id":"https:\/\/www.pasko.cz\/centrum-stineni-praha-vam-nabizi-kvalitni-vysuvne-markyzy\/#Article","mainEntityOfPage":"https:\/\/www.pasko.cz\/centrum-stineni-praha-vam-nabizi-kvalitni-vysuvne-markyzy\/","headline":"Centrum st\u00edn\u011bn\u00ed Praha v\u00e1m nab\u00edz\u00ed kvalitn\u00ed v\u00fdsuvn\u00e9 mark\u00fdzy","name":"Centrum st\u00edn\u011bn\u00ed Praha v\u00e1m nab\u00edz\u00ed kvalitn\u00ed v\u00fdsuvn\u00e9 mark\u00fdzy","description":"Centrum st\u00edn\u011bn\u00ed Praha v\u00e1m nab\u00edz\u00ed kvalitn\u00ed v\u00fdsuvn\u00e9 mark\u00fdzy, kter\u00e9 m\u016f\u017eete vyu\u017e\u00edt na teras\u00e1ch, balk\u00f3nech \u010di komer\u010dn\u00edch prostorech, z\u00e1le\u017e\u00ed jen na va\u0161ich individu\u00e1ln\u00edch p\u0159\u00e1n\u00edch, kter\u00e1 se budeme sna\u017eit vyplnit k va\u0161\u00ed pln\u00e9 spokojenosti. O tom, \u017ee jsou n\u00e1mi nab\u00edzen\u00e9 v\u00fdsuvn\u00e9 mark\u00fdzy sv\u011bd\u010d\u00ed to, \u017ee na jejich v\u00fdrobu pou\u017e\u00edv\u00e1me pouze ten nejkvalitn\u011bj\u0161\u00ed<!--hoot-read-more-quicktag-->","datePublished":"2024-03-27","dateModified":"2024-03-27","author":{"@type":"Person","@id":"https:\/\/www.pasko.cz\/author\/#Person","name":"","url":"https:\/\/www.pasko.cz\/author\/","identifier":1,"image":{"@type":"ImageObject","@id":"https:\/\/secure.gravatar.com\/avatar\/ade5060b95d9432296fc92debd2ba3136f7a4d727a7bc57afe18c4808c7d7ac9?s=96&d=mm&r=g","url":"https:\/\/secure.gravatar.com\/avatar\/ade5060b95d9432296fc92debd2ba3136f7a4d727a7bc57afe18c4808c7d7ac9?s=96&d=mm&r=g","height":96,"width":96}},"publisher":{"@type":"Organization","name":"pasko.cz","logo":{"@type":"ImageObject","@id":"\/logo.png","url":"\/logo.png","width":600,"height":60}},"url":"https:\/\/www.pasko.cz\/centrum-stineni-praha-vam-nabizi-kvalitni-vysuvne-markyzy\/","wordCount":238,"articleBody":"\tCentrum st\u00edn\u011bn\u00ed Praha v\u00e1m nab\u00edz\u00ed kvalitn\u00ed v\u00fdsuvn\u00e9 mark\u00fdzy, kter\u00e9 m\u016f\u017eete vyu\u017e\u00edt na teras\u00e1ch, balk\u00f3nech \u010di komer\u010dn\u00edch prostorech, z\u00e1le\u017e\u00ed jen na va\u0161ich individu\u00e1ln\u00edch p\u0159\u00e1n\u00edch, kter\u00e1 se budeme sna\u017eit vyplnit k va\u0161\u00ed pln\u00e9 spokojenosti. O tom, \u017ee jsou n\u00e1mi nab\u00edzen\u00e9 v\u00fdsuvn\u00e9 mark\u00fdzy sv\u011bd\u010d\u00ed to, \u017ee na jejich v\u00fdrobu pou\u017e\u00edv\u00e1me pouze ten nejkvalitn\u011bj\u0161\u00ed materi\u00e1l, a d\u00edky na\u0161im bohat\u00fdm dlouholet\u00fdm zku\u0161enostem a na\u0161im specialist\u016fm, kte\u0159\u00ed v\u00e1m v\u00fdsuvn\u00e9 mark\u00fdzy p\u0159ijedou nainstalovat, m\u00e1me st\u00e1le v\u00edce spokojen\u00fdch z\u00e1kazn\u00edk\u016f. Vyu\u017eijte na\u0161\u00ed jedine\u010dn\u00e9 nab\u00eddky i vy, a nav\u0161tivte na\u0161e internetov\u00e9 str\u00e1nky centrumstinenipraha.cz, na kter\u00fdch si m\u016f\u017eete prohl\u00e9dnout na\u0161i kompletn\u00ed nab\u00eddku na v\u00fdsuvn\u00e9 mark\u00fdzy a dal\u0161\u00ed st\u00edn\u00edc\u00ed techniku.\tMateri\u00e1l, ze kter\u00e9ho vyr\u00e1b\u00edme v\u00fdsuvn\u00e9 mark\u00fdzy\tJestli\u017ee v\u00e1s zaj\u00edm\u00e1 krom\u011b vzhledu v\u00fdsuvn\u00e9 mark\u00fdzy tak\u00e9 materi\u00e1l, ze kter\u00e9ho jsou vyr\u00e1b\u011bny, pak \u010dt\u011bte d\u00e1le. Konstrukce venkovn\u00ed v\u00fdsuvn\u00e9 mark\u00fdzy jsou v na\u0161\u00ed firm\u011b Centrum st\u00edn\u011bn\u00ed Praha vyr\u00e1b\u011bny ze slitiny hlin\u00edkov\u00fdch materi\u00e1l\u016f, kter\u00e9 zaru\u010duj\u00ed dlouho \u017eivotnost a odolnost proti pov\u011btrnostn\u00edm podm\u00ednk\u00e1m.                                                                                                                                                                                                                                                                                                                                                                                                "},{"@context":"https:\/\/schema.org\/","@type":"BreadcrumbList","itemListElement":[{"@type":"ListItem","position":1,"name":"Centrum st\u00edn\u011bn\u00ed Praha v\u00e1m nab\u00edz\u00ed kvalitn\u00ed v\u00fdsuvn\u00e9 mark\u00fdzy","item":"https:\/\/www.pasko.cz\/centrum-stineni-praha-vam-nabizi-kvalitni-vysuvne-markyzy\/#breadcrumbitem"}]}]