[{"@context":"https:\/\/schema.org\/","@type":"Article","@id":"https:\/\/www.pasko.cz\/doma-v-klidu-a-teple\/#Article","mainEntityOfPage":"https:\/\/www.pasko.cz\/doma-v-klidu-a-teple\/","headline":"Doma v klidu a teple","name":"Doma v klidu a teple","description":"S krbov\u00fdmi kamny m\u016f\u017eete dos\u00e1hnout ide\u00e1ln\u00edho prost\u0159ed\u00ed pro klidnou a p\u0159\u00edjemn\u011b proh\u0159\u00e1tou dom\u00e1cnost, zejm\u00e9na kdy\u017e venku panuje takzvan\u00e9 ps\u00ed po\u010das\u00ed. Kde jinde jsme v takov\u00e9m po\u010das\u00ed nejrad\u011bji, ne\u017e pr\u00e1v\u011b doma v teple. Za\u0159i\u010fte pro sebe tu nejlep\u0161\u00ed p\u00e9\u010di, praskaj\u00edc\u00ed d\u0159evo navod\u00ed pocit klidu a odpo\u010dinku, ohe\u0148 pro zm\u011bnu zah\u0159eje navenek,<!--hoot-read-more-quicktag-->","datePublished":"2024-11-26","dateModified":"2024-11-26","author":{"@type":"Person","@id":"https:\/\/www.pasko.cz\/author\/#Person","name":"","url":"https:\/\/www.pasko.cz\/author\/","identifier":1,"image":{"@type":"ImageObject","@id":"https:\/\/secure.gravatar.com\/avatar\/ade5060b95d9432296fc92debd2ba3136f7a4d727a7bc57afe18c4808c7d7ac9?s=96&d=mm&r=g","url":"https:\/\/secure.gravatar.com\/avatar\/ade5060b95d9432296fc92debd2ba3136f7a4d727a7bc57afe18c4808c7d7ac9?s=96&d=mm&r=g","height":96,"width":96}},"publisher":{"@type":"Organization","name":"pasko.cz","logo":{"@type":"ImageObject","@id":"\/logo.png","url":"\/logo.png","width":600,"height":60}},"url":"https:\/\/www.pasko.cz\/doma-v-klidu-a-teple\/","wordCount":165,"articleBody":"S krbov\u00fdmi kamny m\u016f\u017eete dos\u00e1hnout ide\u00e1ln\u00edho prost\u0159ed\u00ed pro klidnou a p\u0159\u00edjemn\u011b proh\u0159\u00e1tou dom\u00e1cnost, zejm\u00e9na kdy\u017e venku panuje takzvan\u00e9 ps\u00ed po\u010das\u00ed. Kde jinde jsme v takov\u00e9m po\u010das\u00ed nejrad\u011bji, ne\u017e pr\u00e1v\u011b doma v teple. Za\u0159i\u010fte pro sebe tu nejlep\u0161\u00ed p\u00e9\u010di, praskaj\u00edc\u00ed d\u0159evo navod\u00ed pocit klidu a odpo\u010dinku, ohe\u0148 pro zm\u011bnu zah\u0159eje navenek, ale i na du\u0161i. Pro\u010d to nem\u00edt u sebe doma, kdy\u017e je to tak snadn\u00e9? Pastva i pro o\u010di Krom\u011b dobr\u00fdch pocit\u016f za\u0159\u00edd\u00ed takov\u00fd kus do dom\u00e1cnosti i pastvu pro o\u010di. A to nejen pro V\u00e1s, ale i pro Va\u0161i n\u00e1v\u0161t\u011bvu. Zvolte si ty, kter\u00e9 budou ladit s t\u00edm, jak m\u00e1te za\u0159\u00edzen\u00fd Va\u0161i domov. A\u0165 u\u017e vsad\u00edte na klasiku nebo modernost, dostanete jen tu nejlep\u0161\u00ed kvalitu, kter\u00e1 V\u00e1m za\u0159\u00edd\u00ed spokojen\u00e9 a \u00fatuln\u00e9 bydlen\u00ed.                                                                                                                                                                                                                                                                                                                                                                                                "},{"@context":"https:\/\/schema.org\/","@type":"BreadcrumbList","itemListElement":[{"@type":"ListItem","position":1,"name":"Doma v klidu a teple","item":"https:\/\/www.pasko.cz\/doma-v-klidu-a-teple\/#breadcrumbitem"}]}]