[{"@context":"https:\/\/schema.org\/","@type":"Article","@id":"https:\/\/www.pasko.cz\/na-sidle-zalezi\/#Article","mainEntityOfPage":"https:\/\/www.pasko.cz\/na-sidle-zalezi\/","headline":"Na s\u00eddle z\u00e1le\u017e\u00ed","name":"Na s\u00eddle z\u00e1le\u017e\u00ed","description":"Um\u00edte si p\u0159edstavit, \u017ee byste m\u011bli cokoliv do \u010din\u011bn\u00ed s firmou, kter\u00e1 by nem\u011bla svoji adresu a dal\u0161\u00ed kontaktn\u00ed mo\u017enosti a byla by tak k nenalezen\u00ed? Jist\u011b ne. Jedinou v\u00fdhodou by tu toti\u017e bylo to, \u017ee byste u\u0161et\u0159ili pen\u00edze. Proto\u017ee byste takovou firmu nena\u0161li a nic v n\u00ed tedy neutratili.<!--hoot-read-more-quicktag-->","datePublished":"2023-07-18","dateModified":"2023-10-11","author":{"@type":"Person","@id":"https:\/\/www.pasko.cz\/author\/#Person","name":"","url":"https:\/\/www.pasko.cz\/author\/","identifier":1,"image":{"@type":"ImageObject","@id":"https:\/\/secure.gravatar.com\/avatar\/ade5060b95d9432296fc92debd2ba3136f7a4d727a7bc57afe18c4808c7d7ac9?s=96&d=mm&r=g","url":"https:\/\/secure.gravatar.com\/avatar\/ade5060b95d9432296fc92debd2ba3136f7a4d727a7bc57afe18c4808c7d7ac9?s=96&d=mm&r=g","height":96,"width":96}},"publisher":{"@type":"Organization","name":"pasko.cz","logo":{"@type":"ImageObject","@id":"\/logo.png","url":"\/logo.png","width":600,"height":60}},"image":{"@type":"ImageObject","@id":"https:\/\/www.pasko.cz\/wp-content\/uploads\/ff_10_6.jpg","url":"https:\/\/www.pasko.cz\/wp-content\/uploads\/ff_10_6.jpg","height":0,"width":0},"url":"https:\/\/www.pasko.cz\/na-sidle-zalezi\/","about":["Www"],"wordCount":400,"articleBody":"   Um\u00edte si p\u0159edstavit, \u017ee byste m\u011bli cokoliv do \u010din\u011bn\u00ed s firmou, kter\u00e1 by nem\u011bla svoji adresu a dal\u0161\u00ed kontaktn\u00ed mo\u017enosti a byla by tak k nenalezen\u00ed? Jist\u011b ne. Jedinou v\u00fdhodou by tu toti\u017e bylo to, \u017ee byste u\u0161et\u0159ili pen\u00edze. Proto\u017ee byste takovou firmu nena\u0161li a nic v n\u00ed tedy neutratili. Stejn\u011b jako kdokoliv jin\u00fd.Ale firmy nejsou od toho, aby je nikdo nikdy nena\u0161el. Pr\u00e1v\u011b naopak \u2013 maj\u00ed b\u00fdt k nalezen\u00ed snadno, a maj\u00ed p\u016fsobit na potenci\u00e1ln\u00ed z\u00e1kazn\u00edky jako magnet. A tud\u00ed\u017e pot\u0159ebuje ka\u017ed\u00e1 nevyhnuteln\u011b sv\u00e9 firemn\u00ed s\u00eddlo. Objekt, ve kter\u00e9m ji jde naj\u00edt a kontaktovat a kter\u00fd pochopiteln\u011b tak\u00e9 co nejl\u00e9pe vypad\u00e1. Proto\u017ee i \u201a\u0161aty d\u011blaj\u00ed \u010dlov\u011bka\u2018 a i na pouh\u00e9m prvn\u00edm dojmu \u010dasto z\u00e1le\u017e\u00ed.Firemn\u00edm s\u00eddlem m\u016f\u017ee b\u00fdt dejme tomu n\u011bjak\u00fd d\u016fm nebo kancel\u00e1\u0159. Na takov\u00e9 adrese si podnikatel svoji firmu zaregistruje a tato pak slou\u017e\u00ed ke kontakt\u016fm toho podnikaj\u00edc\u00edho s ve\u0159ejnost\u00ed i \u00fa\u0159ady. Ale kdy\u017e se nad t\u00edm zamysl\u00edme, mus\u00ed m\u00edt ka\u017ed\u00fd podnikatel n\u011bjak\u00fd takov\u00fd objekt, kter\u00fd by mu jako ono s\u00eddlo firmy poslou\u017eil? Vlastn\u011b ani nemus\u00ed. Kdyby se na\u0161lo n\u011bjak\u00e9 jin\u00e9 m\u00edsto, kter\u00e9 m\u00e1 svoji adresu\u2026A to se d\u00e1 naj\u00edt. A logicky to ani moc hled\u00e1n\u00ed ned\u00e1, jak by tomu tak\u00e9 m\u011blo u v\u0161ech firemn\u00edch s\u00eddel b\u00fdt. Ten, kdo chce podnikat, ale dost dobr\u00fd objekt vhodn\u00fd k vyu\u017eit\u00ed jako firemn\u00ed s\u00eddlo nem\u00e1, toti\u017e m\u016f\u017ee vsadit i na pouze virtu\u00e1ln\u00ed s\u00eddlo firmy. A jak to s takov\u00fdm firemn\u00edm s\u00eddlem chod\u00ed, kdy\u017e je toto pouze virtu\u00e1ln\u00ed? To se podnikatel dohodne s t\u00edm, kdo d\u00e1v\u00e1 pro tento \u00fa\u010del k dispozici svoji budovu, a zalo\u017e\u00ed si firmu pr\u00e1v\u011b na adrese takov\u00e9 budovy. Sice se t\u00edm nest\u00e1v\u00e1 jej\u00edm vlastn\u00edkem, ale podnikat u\u017e se d\u00e1. Proto\u017ee mu tady zpracuj\u00ed a p\u0159epo\u0161lou po\u0161tu, nab\u00eddnou mu t\u0159eba vyu\u017eit\u00ed kancel\u00e1\u0159e\u2026 A pak se d\u00e1 s pomoc\u00ed takov\u00e9ho firemn\u00edho s\u00eddla podnikat, i kdy\u017e toto podnikateli nepat\u0159\u00ed. A kv\u016fli tomu jde i o velice finan\u010dn\u011b v\u00fdhodnou z\u00e1le\u017eitost.                                                                                                                                                                                                                                                                                                                                                                                                  "},{"@context":"https:\/\/schema.org\/","@type":"BreadcrumbList","itemListElement":[{"@type":"ListItem","position":1,"name":"Na s\u00eddle z\u00e1le\u017e\u00ed","item":"https:\/\/www.pasko.cz\/na-sidle-zalezi\/#breadcrumbitem"}]}]