[{"@context":"https:\/\/schema.org\/","@type":"Article","@id":"https:\/\/www.pasko.cz\/nejkrasnejsi-den-vaseho-zivota\/#Article","mainEntityOfPage":"https:\/\/www.pasko.cz\/nejkrasnejsi-den-vaseho-zivota\/","headline":"Nejkr\u00e1sn\u011bj\u0161\u00ed den va\u0161eho \u017eivota","name":"Nejkr\u00e1sn\u011bj\u0161\u00ed den va\u0161eho \u017eivota","description":"Jako ka\u017ed\u00e1 nev\u011bsta chcete m\u00edt ten nejkr\u00e1sn\u011bj\u0161\u00ed svatebn\u00ed den. Velk\u00e9 p\u0159\u00edpravy jsou v pln\u00e9m proudu a mnoh\u00e9 d\u016fle\u017eit\u00e9 v\u011bci m\u00e1te je\u0161t\u011b nachystan\u00e9 na vy\u0159izov\u00e1n\u00ed. Doba p\u0159\u00edpravy se ned\u00e1 zvl\u00e1dnout b\u011bhem jednoho dne a mnohdy to trv\u00e1 n\u011bkolik dn\u016f. N\u011bkdy n\u00e1m p\u0159ipad\u00e1, \u017ee \u010das rychle ub\u00edh\u00e1 a st\u00e1le nem\u00e1me v\u0161echno, jak<!--hoot-read-more-quicktag-->","datePublished":"2024-11-13","dateModified":"2024-11-13","author":{"@type":"Person","@id":"https:\/\/www.pasko.cz\/author\/#Person","name":"","url":"https:\/\/www.pasko.cz\/author\/","identifier":1,"image":{"@type":"ImageObject","@id":"https:\/\/secure.gravatar.com\/avatar\/ade5060b95d9432296fc92debd2ba3136f7a4d727a7bc57afe18c4808c7d7ac9?s=96&d=mm&r=g","url":"https:\/\/secure.gravatar.com\/avatar\/ade5060b95d9432296fc92debd2ba3136f7a4d727a7bc57afe18c4808c7d7ac9?s=96&d=mm&r=g","height":96,"width":96}},"publisher":{"@type":"Organization","name":"pasko.cz","logo":{"@type":"ImageObject","@id":"\/logo.png","url":"\/logo.png","width":600,"height":60}},"url":"https:\/\/www.pasko.cz\/nejkrasnejsi-den-vaseho-zivota\/","wordCount":176,"articleBody":"Jako ka\u017ed\u00e1 nev\u011bsta chcete m\u00edt ten nejkr\u00e1sn\u011bj\u0161\u00ed svatebn\u00ed den. Velk\u00e9 p\u0159\u00edpravy jsou v pln\u00e9m proudu a mnoh\u00e9 d\u016fle\u017eit\u00e9 v\u011bci m\u00e1te je\u0161t\u011b nachystan\u00e9 na vy\u0159izov\u00e1n\u00ed. Doba p\u0159\u00edpravy se ned\u00e1 zvl\u00e1dnout b\u011bhem jednoho dne a mnohdy to trv\u00e1 n\u011bkolik dn\u016f. N\u011bkdy n\u00e1m p\u0159ipad\u00e1, \u017ee \u010das rychle ub\u00edh\u00e1 a st\u00e1le nem\u00e1me v\u0161echno, jak bychom pot\u0159ebovali. Nakonec to dopadne je\u0161t\u011b mnohem l\u00e9pe, ne\u017e jste o\u010dek\u00e1vali. V\u0161ichni si chv\u00e1l\u00ed \u00fa\u017easn\u00fd den str\u00e1ven\u00fd s v\u00e1mi.Ob\u00e1lka bude vhodn\u00fdm dopl\u0148kemSvatebn\u00ed ozn\u00e1men\u00ed hraje tak\u00e9 velkou roli a mus\u00ed b\u00fdt vybr\u00e1no hlavn\u011b tak, aby se v\u00e1m l\u00edbilo. Vyberte si tak\u00e9 p\u011bknou ob\u00e1lku, ve kter\u00e9 to bude vypadat je\u0161t\u011b l\u00e9pe. P\u0159i otev\u0159en\u00ed v\u0161em vyraz\u00ed dech a v\u0161ichni se dozv\u011bd\u00ed, kdy budete m\u00edt ten v\u00fdznamn\u00fd den na kter\u00fd je pozv\u00e1no mnoho host\u016f.                                                                                                                                                                                                                                                                                                                                                                                                "},{"@context":"https:\/\/schema.org\/","@type":"BreadcrumbList","itemListElement":[{"@type":"ListItem","position":1,"name":"Nejkr\u00e1sn\u011bj\u0161\u00ed den va\u0161eho \u017eivota","item":"https:\/\/www.pasko.cz\/nejkrasnejsi-den-vaseho-zivota\/#breadcrumbitem"}]}]