[{"@context":"https:\/\/schema.org\/","@type":"Blog","@id":"https:\/\/www.pasko.cz#Blog","headline":"Pasko","description":"\nM\u00e1te pocit, \u017ee se proti v\u00e1m v\u0161echno na cel\u00e9m sv\u011bt\u011b spiknulo? V\u011b\u0159te, \u017ee tomu tak nen\u00ed. N\u00e1\u0161 web z\u016fst\u00e1v\u00e1 v\u017edy a za v\u0161ech okolnost\u00ed na va\u0161\u00ed stran\u011b.","url":"https:\/\/www.pasko.cz","hasPart":[{"@type":"Article","@id":"https:\/\/www.pasko.cz\/i-vy-se-muzete-podivat-na-vyprodej-bivaku\/","headline":"I vy se m\u016f\u017eete pod\u00edvat na v\u00fdprodej bivaku","url":"https:\/\/www.pasko.cz\/i-vy-se-muzete-podivat-na-vyprodej-bivaku\/","datePublished":"2021-11-18","dateModified":"2023-05-26","mainEntityOfPage":"https:\/\/www.pasko.cz\/i-vy-se-muzete-podivat-na-vyprodej-bivaku\/","author":{"@type":"Person","@id":"https:\/\/www.pasko.cz\/author\/#Person","name":"","url":"https:\/\/www.pasko.cz\/author\/","identifier":1,"image":{"@type":"ImageObject","@id":"https:\/\/secure.gravatar.com\/avatar\/ade5060b95d9432296fc92debd2ba3136f7a4d727a7bc57afe18c4808c7d7ac9?s=96&d=mm&r=g","url":"https:\/\/secure.gravatar.com\/avatar\/ade5060b95d9432296fc92debd2ba3136f7a4d727a7bc57afe18c4808c7d7ac9?s=96&d=mm&r=g","height":96,"width":96}},"publisher":{"@type":"Organization","name":"pasko.cz","logo":{"@type":"ImageObject","@id":"\/logo.png","url":"\/logo.png","width":600,"height":60}},"image":{"@type":"ImageObject","@id":"https:\/\/www.pasko.cz\/wp-content\/uploads\/ryb%C3%A1%C5%99%C5%AFv%20stan.PNG","url":"https:\/\/www.pasko.cz\/wp-content\/uploads\/ryb%C3%A1%C5%99%C5%AFv%20stan.PNG","height":0,"width":0},"wordCount":837,"keywords":null},{"@type":"Article","@id":"https:\/\/www.pasko.cz\/vystruzniky-ktere-si-muzete-nastavit\/","headline":"V\u00fdstru\u017en\u00edky, kter\u00e9 si m\u016f\u017eete nastavit","url":"https:\/\/www.pasko.cz\/vystruzniky-ktere-si-muzete-nastavit\/","datePublished":"2021-10-10","dateModified":"2023-05-26","mainEntityOfPage":"https:\/\/www.pasko.cz\/vystruzniky-ktere-si-muzete-nastavit\/","author":{"@type":"Person","@id":"https:\/\/www.pasko.cz\/author\/#Person","name":"","url":"https:\/\/www.pasko.cz\/author\/","identifier":1,"image":{"@type":"ImageObject","@id":"https:\/\/secure.gravatar.com\/avatar\/ade5060b95d9432296fc92debd2ba3136f7a4d727a7bc57afe18c4808c7d7ac9?s=96&d=mm&r=g","url":"https:\/\/secure.gravatar.com\/avatar\/ade5060b95d9432296fc92debd2ba3136f7a4d727a7bc57afe18c4808c7d7ac9?s=96&d=mm&r=g","height":96,"width":96}},"publisher":{"@type":"Organization","name":"pasko.cz","logo":{"@type":"ImageObject","@id":"\/logo.png","url":"\/logo.png","width":600,"height":60}},"image":{"@type":"ImageObject","@id":"https:\/\/www.pasko.cz\/wp-content\/uploads\/reamer-gc7352731f_640.jpg","url":"https:\/\/www.pasko.cz\/wp-content\/uploads\/reamer-gc7352731f_640.jpg","height":0,"width":0},"wordCount":1515,"keywords":null},{"@type":"Article","@id":"https:\/\/www.pasko.cz\/kvarcit-patagonia-je-kamen-pro-dlazbu-a-obklady\/","headline":"Kvarcit Patagonia je k\u00e1men pro dla\u017ebu a obklady","url":"https:\/\/www.pasko.cz\/kvarcit-patagonia-je-kamen-pro-dlazbu-a-obklady\/","datePublished":"2021-10-06","dateModified":"2023-10-11","mainEntityOfPage":"https:\/\/www.pasko.cz\/kvarcit-patagonia-je-kamen-pro-dlazbu-a-obklady\/","author":{"@type":"Person","@id":"https:\/\/www.pasko.cz\/author\/#Person","name":"","url":"https:\/\/www.pasko.cz\/author\/","identifier":1,"image":{"@type":"ImageObject","@id":"https:\/\/secure.gravatar.com\/avatar\/ade5060b95d9432296fc92debd2ba3136f7a4d727a7bc57afe18c4808c7d7ac9?s=96&d=mm&r=g","url":"https:\/\/secure.gravatar.com\/avatar\/ade5060b95d9432296fc92debd2ba3136f7a4d727a7bc57afe18c4808c7d7ac9?s=96&d=mm&r=g","height":96,"width":96}},"publisher":{"@type":"Organization","name":"pasko.cz","logo":{"@type":"ImageObject","@id":"\/logo.png","url":"\/logo.png","width":600,"height":60}},"image":{"@type":"ImageObject","@id":"https:\/\/www.pasko.cz\/wp-content\/uploads\/swimming-2601877_640.jpg","url":"https:\/\/www.pasko.cz\/wp-content\/uploads\/swimming-2601877_640.jpg","height":0,"width":0},"wordCount":589,"keywords":null},{"@type":"Article","@id":"https:\/\/www.pasko.cz\/svet-ma-nadeji\/","headline":"Sv\u011bt m\u00e1 nad\u011bji","url":"https:\/\/www.pasko.cz\/svet-ma-nadeji\/","datePublished":"2021-09-21","dateModified":"2023-05-26","mainEntityOfPage":"https:\/\/www.pasko.cz\/svet-ma-nadeji\/","author":{"@type":"Person","@id":"https:\/\/www.pasko.cz\/author\/#Person","name":"","url":"https:\/\/www.pasko.cz\/author\/","identifier":1,"image":{"@type":"ImageObject","@id":"https:\/\/secure.gravatar.com\/avatar\/ade5060b95d9432296fc92debd2ba3136f7a4d727a7bc57afe18c4808c7d7ac9?s=96&d=mm&r=g","url":"https:\/\/secure.gravatar.com\/avatar\/ade5060b95d9432296fc92debd2ba3136f7a4d727a7bc57afe18c4808c7d7ac9?s=96&d=mm&r=g","height":96,"width":96}},"publisher":{"@type":"Organization","name":"pasko.cz","logo":{"@type":"ImageObject","@id":"\/logo.png","url":"\/logo.png","width":600,"height":60}},"image":{"@type":"ImageObject","@id":"https:\/\/www.pasko.cz\/wp-content\/uploads\/boys-286245_960_720_2.jpg","url":"https:\/\/www.pasko.cz\/wp-content\/uploads\/boys-286245_960_720_2.jpg","height":0,"width":0},"wordCount":620,"keywords":null},{"@type":"Article","@id":"https:\/\/www.pasko.cz\/kouzelnik-patri-na-narozeniny\/","headline":"Kouzeln\u00edk pat\u0159\u00ed na narozeniny","url":"https:\/\/www.pasko.cz\/kouzelnik-patri-na-narozeniny\/","datePublished":"2021-08-11","dateModified":"2023-05-26","mainEntityOfPage":"https:\/\/www.pasko.cz\/kouzelnik-patri-na-narozeniny\/","author":{"@type":"Person","@id":"https:\/\/www.pasko.cz\/author\/#Person","name":"","url":"https:\/\/www.pasko.cz\/author\/","identifier":1,"image":{"@type":"ImageObject","@id":"https:\/\/secure.gravatar.com\/avatar\/ade5060b95d9432296fc92debd2ba3136f7a4d727a7bc57afe18c4808c7d7ac9?s=96&d=mm&r=g","url":"https:\/\/secure.gravatar.com\/avatar\/ade5060b95d9432296fc92debd2ba3136f7a4d727a7bc57afe18c4808c7d7ac9?s=96&d=mm&r=g","height":96,"width":96}},"publisher":{"@type":"Organization","name":"pasko.cz","logo":{"@type":"ImageObject","@id":"\/logo.png","url":"\/logo.png","width":600,"height":60}},"image":{"@type":"ImageObject","@id":"https:\/\/www.pasko.cz\/wp-content\/uploads\/oslava_1.jpg","url":"https:\/\/www.pasko.cz\/wp-content\/uploads\/oslava_1.jpg","height":0,"width":0},"wordCount":564,"keywords":null},{"@type":"Article","@id":"https:\/\/www.pasko.cz\/neni-mzda-jako-mzda\/","headline":"Nen\u00ed mzda jako mzda","url":"https:\/\/www.pasko.cz\/neni-mzda-jako-mzda\/","datePublished":"2021-07-06","dateModified":"2023-05-26","mainEntityOfPage":"https:\/\/www.pasko.cz\/neni-mzda-jako-mzda\/","author":{"@type":"Person","@id":"https:\/\/www.pasko.cz\/author\/#Person","name":"","url":"https:\/\/www.pasko.cz\/author\/","identifier":1,"image":{"@type":"ImageObject","@id":"https:\/\/secure.gravatar.com\/avatar\/ade5060b95d9432296fc92debd2ba3136f7a4d727a7bc57afe18c4808c7d7ac9?s=96&d=mm&r=g","url":"https:\/\/secure.gravatar.com\/avatar\/ade5060b95d9432296fc92debd2ba3136f7a4d727a7bc57afe18c4808c7d7ac9?s=96&d=mm&r=g","height":96,"width":96}},"publisher":{"@type":"Organization","name":"pasko.cz","logo":{"@type":"ImageObject","@id":"\/logo.png","url":"\/logo.png","width":600,"height":60}},"image":{"@type":"ImageObject","@id":"https:\/\/www.pasko.cz\/wp-content\/uploads\/dv%C4%9B%20eura_6.jpg","url":"https:\/\/www.pasko.cz\/wp-content\/uploads\/dv%C4%9B%20eura_6.jpg","height":0,"width":0},"wordCount":843,"keywords":null},{"@type":"Article","@id":"https:\/\/www.pasko.cz\/udelejte-si-ve-spizi-poradek\/","headline":"Ud\u011blejte si ve sp\u00ed\u017ei po\u0159\u00e1dek","url":"https:\/\/www.pasko.cz\/udelejte-si-ve-spizi-poradek\/","datePublished":"2021-06-30","dateModified":"2023-09-18","mainEntityOfPage":"https:\/\/www.pasko.cz\/udelejte-si-ve-spizi-poradek\/","author":{"@type":"Person","@id":"https:\/\/www.pasko.cz\/author\/#Person","name":"","url":"https:\/\/www.pasko.cz\/author\/","identifier":1,"image":{"@type":"ImageObject","@id":"https:\/\/secure.gravatar.com\/avatar\/ade5060b95d9432296fc92debd2ba3136f7a4d727a7bc57afe18c4808c7d7ac9?s=96&d=mm&r=g","url":"https:\/\/secure.gravatar.com\/avatar\/ade5060b95d9432296fc92debd2ba3136f7a4d727a7bc57afe18c4808c7d7ac9?s=96&d=mm&r=g","height":96,"width":96}},"publisher":{"@type":"Organization","name":"pasko.cz","logo":{"@type":"ImageObject","@id":"\/logo.png","url":"\/logo.png","width":600,"height":60}},"image":{"@type":"ImageObject","@id":"https:\/\/www.pasko.cz\/wp-content\/uploads\/%C4%8Desnek_1.jpg","url":"https:\/\/www.pasko.cz\/wp-content\/uploads\/%C4%8Desnek_1.jpg","height":0,"width":0},"wordCount":495,"keywords":null},{"@type":"Article","@id":"https:\/\/www.pasko.cz\/levne-male-a-utulne-bydleni\/","headline":"Levn\u00e9, mal\u00e9 a \u00fatuln\u00e9 bydlen\u00ed","url":"https:\/\/www.pasko.cz\/levne-male-a-utulne-bydleni\/","datePublished":"2021-06-16","dateModified":"2023-05-26","mainEntityOfPage":"https:\/\/www.pasko.cz\/levne-male-a-utulne-bydleni\/","author":{"@type":"Person","@id":"https:\/\/www.pasko.cz\/author\/#Person","name":"","url":"https:\/\/www.pasko.cz\/author\/","identifier":1,"image":{"@type":"ImageObject","@id":"https:\/\/secure.gravatar.com\/avatar\/ade5060b95d9432296fc92debd2ba3136f7a4d727a7bc57afe18c4808c7d7ac9?s=96&d=mm&r=g","url":"https:\/\/secure.gravatar.com\/avatar\/ade5060b95d9432296fc92debd2ba3136f7a4d727a7bc57afe18c4808c7d7ac9?s=96&d=mm&r=g","height":96,"width":96}},"publisher":{"@type":"Organization","name":"pasko.cz","logo":{"@type":"ImageObject","@id":"\/logo.png","url":"\/logo.png","width":600,"height":60}},"image":{"@type":"ImageObject","@id":"https:\/\/www.pasko.cz\/wp-content\/uploads\/houpac%C3%AD%20lavi%C4%8Dka.jpeg","url":"https:\/\/www.pasko.cz\/wp-content\/uploads\/houpac%C3%AD%20lavi%C4%8Dka.jpeg","height":0,"width":0},"wordCount":498,"keywords":null},{"@type":"Article","@id":"https:\/\/www.pasko.cz\/vezmete-si-hypoteku\/","headline":"Vezm\u011bte si hypot\u00e9ku","url":"https:\/\/www.pasko.cz\/vezmete-si-hypoteku\/","datePublished":"2021-05-22","dateModified":"2023-05-26","mainEntityOfPage":"https:\/\/www.pasko.cz\/vezmete-si-hypoteku\/","author":{"@type":"Person","@id":"https:\/\/www.pasko.cz\/author\/#Person","name":"","url":"https:\/\/www.pasko.cz\/author\/","identifier":1,"image":{"@type":"ImageObject","@id":"https:\/\/secure.gravatar.com\/avatar\/ade5060b95d9432296fc92debd2ba3136f7a4d727a7bc57afe18c4808c7d7ac9?s=96&d=mm&r=g","url":"https:\/\/secure.gravatar.com\/avatar\/ade5060b95d9432296fc92debd2ba3136f7a4d727a7bc57afe18c4808c7d7ac9?s=96&d=mm&r=g","height":96,"width":96}},"publisher":{"@type":"Organization","name":"pasko.cz","logo":{"@type":"ImageObject","@id":"\/logo.png","url":"\/logo.png","width":600,"height":60}},"image":{"@type":"ImageObject","@id":"https:\/\/www.pasko.cz\/wp-content\/uploads\/s%C3%A1%C4%8Dek%20s%20mincemi.jpg","url":"https:\/\/www.pasko.cz\/wp-content\/uploads\/s%C3%A1%C4%8Dek%20s%20mincemi.jpg","height":0,"width":0},"wordCount":855,"keywords":null},{"@type":"Article","@id":"https:\/\/www.pasko.cz\/designove-nausnice\/","headline":"Designov\u00e9 n\u00e1u\u0161nice","url":"https:\/\/www.pasko.cz\/designove-nausnice\/","datePublished":"2021-05-15","dateModified":"2023-05-26","mainEntityOfPage":"https:\/\/www.pasko.cz\/designove-nausnice\/","author":{"@type":"Person","@id":"https:\/\/www.pasko.cz\/author\/#Person","name":"","url":"https:\/\/www.pasko.cz\/author\/","identifier":1,"image":{"@type":"ImageObject","@id":"https:\/\/secure.gravatar.com\/avatar\/ade5060b95d9432296fc92debd2ba3136f7a4d727a7bc57afe18c4808c7d7ac9?s=96&d=mm&r=g","url":"https:\/\/secure.gravatar.com\/avatar\/ade5060b95d9432296fc92debd2ba3136f7a4d727a7bc57afe18c4808c7d7ac9?s=96&d=mm&r=g","height":96,"width":96}},"publisher":{"@type":"Organization","name":"pasko.cz","logo":{"@type":"ImageObject","@id":"\/logo.png","url":"\/logo.png","width":600,"height":60}},"image":{"@type":"ImageObject","@id":"https:\/\/www.pasko.cz\/wp-content\/uploads\/perlov%C3%A9%20n%C3%A1u%C5%A1nice.PNG","url":"https:\/\/www.pasko.cz\/wp-content\/uploads\/perlov%C3%A9%20n%C3%A1u%C5%A1nice.PNG","height":0,"width":0},"wordCount":777,"keywords":null}]},{"@context":"https:\/\/schema.org","@type":"WebSite","@id":"https:\/\/www.pasko.cz\/#website","name":"Pasko","url":"https:\/\/www.pasko.cz","potentialAction":{"@type":"SearchAction","target":"https:\/\/www.pasko.cz\/?s={search_term_string}","query-input":"required name=search_term_string"}}]