[{"@context":"https:\/\/schema.org\/","@type":"Blog","@id":"https:\/\/www.pasko.cz#Blog","headline":"Pasko","description":"\nM\u00e1te pocit, \u017ee se proti v\u00e1m v\u0161echno na cel\u00e9m sv\u011bt\u011b spiknulo? V\u011b\u0159te, \u017ee tomu tak nen\u00ed. N\u00e1\u0161 web z\u016fst\u00e1v\u00e1 v\u017edy a za v\u0161ech okolnost\u00ed na va\u0161\u00ed stran\u011b.","url":"https:\/\/www.pasko.cz","hasPart":[{"@type":"Article","@id":"https:\/\/www.pasko.cz\/nase-pujcovna-ma-stanovene-podminky\/","headline":"Na\u0161e p\u016fj\u010dovna m\u00e1 stanoven\u00e9 podm\u00ednky","url":"https:\/\/www.pasko.cz\/nase-pujcovna-ma-stanovene-podminky\/","datePublished":"2025-04-07","dateModified":"2025-04-07","mainEntityOfPage":"https:\/\/www.pasko.cz\/nase-pujcovna-ma-stanovene-podminky\/","author":{"@type":"Person","@id":"https:\/\/www.pasko.cz\/author\/#Person","name":"","url":"https:\/\/www.pasko.cz\/author\/","identifier":1,"image":{"@type":"ImageObject","@id":"https:\/\/secure.gravatar.com\/avatar\/ade5060b95d9432296fc92debd2ba3136f7a4d727a7bc57afe18c4808c7d7ac9?s=96&d=mm&r=g","url":"https:\/\/secure.gravatar.com\/avatar\/ade5060b95d9432296fc92debd2ba3136f7a4d727a7bc57afe18c4808c7d7ac9?s=96&d=mm&r=g","height":96,"width":96}},"publisher":{"@type":"Organization","name":"pasko.cz","logo":{"@type":"ImageObject","@id":"\/logo.png","url":"\/logo.png","width":600,"height":60}},"image":null,"wordCount":254,"keywords":null},{"@type":"Article","@id":"https:\/\/www.pasko.cz\/modry-leknin-a-jeho-ucinky-posvatna-rostlina-ktera-pomaha-pri-relaxaci\/","headline":"Modr\u00fd lekn\u00edn a jeho \u00fa\u010dinky &#8211; Posv\u00e1tn\u00e1 rostlina, kter\u00e1 pom\u00e1h\u00e1 p\u0159i relaxaci","url":"https:\/\/www.pasko.cz\/modry-leknin-a-jeho-ucinky-posvatna-rostlina-ktera-pomaha-pri-relaxaci\/","datePublished":"2025-04-06","dateModified":"2025-04-06","mainEntityOfPage":"https:\/\/www.pasko.cz\/modry-leknin-a-jeho-ucinky-posvatna-rostlina-ktera-pomaha-pri-relaxaci\/","author":{"@type":"Person","@id":"https:\/\/www.pasko.cz\/author\/#Person","name":"","url":"https:\/\/www.pasko.cz\/author\/","identifier":1,"image":{"@type":"ImageObject","@id":"https:\/\/secure.gravatar.com\/avatar\/ade5060b95d9432296fc92debd2ba3136f7a4d727a7bc57afe18c4808c7d7ac9?s=96&d=mm&r=g","url":"https:\/\/secure.gravatar.com\/avatar\/ade5060b95d9432296fc92debd2ba3136f7a4d727a7bc57afe18c4808c7d7ac9?s=96&d=mm&r=g","height":96,"width":96}},"publisher":{"@type":"Organization","name":"pasko.cz","logo":{"@type":"ImageObject","@id":"\/logo.png","url":"\/logo.png","width":600,"height":60}},"image":{"@type":"ImageObject","@id":"https:\/\/www.pasko.cz\/wp-content\/uploads\/water-lily-7674489_1280.jpg","url":"https:\/\/www.pasko.cz\/wp-content\/uploads\/water-lily-7674489_1280.jpg","height":0,"width":0},"wordCount":626,"keywords":null},{"@type":"Article","@id":"https:\/\/www.pasko.cz\/dusevni-rozpolozeni\/","headline":"Du\u0161evn\u00ed rozpolo\u017een\u00ed","url":"https:\/\/www.pasko.cz\/dusevni-rozpolozeni\/","datePublished":"2025-03-27","dateModified":"2025-03-27","mainEntityOfPage":"https:\/\/www.pasko.cz\/dusevni-rozpolozeni\/","author":{"@type":"Person","@id":"https:\/\/www.pasko.cz\/author\/#Person","name":"","url":"https:\/\/www.pasko.cz\/author\/","identifier":1,"image":{"@type":"ImageObject","@id":"https:\/\/secure.gravatar.com\/avatar\/ade5060b95d9432296fc92debd2ba3136f7a4d727a7bc57afe18c4808c7d7ac9?s=96&d=mm&r=g","url":"https:\/\/secure.gravatar.com\/avatar\/ade5060b95d9432296fc92debd2ba3136f7a4d727a7bc57afe18c4808c7d7ac9?s=96&d=mm&r=g","height":96,"width":96}},"publisher":{"@type":"Organization","name":"pasko.cz","logo":{"@type":"ImageObject","@id":"\/logo.png","url":"\/logo.png","width":600,"height":60}},"image":null,"wordCount":224,"keywords":null},{"@type":"Article","@id":"https:\/\/www.pasko.cz\/elektronicke-cigarety\/","headline":"Elektronick\u00e9 cigarety","url":"https:\/\/www.pasko.cz\/elektronicke-cigarety\/","datePublished":"2025-03-18","dateModified":"2025-03-18","mainEntityOfPage":"https:\/\/www.pasko.cz\/elektronicke-cigarety\/","author":{"@type":"Person","@id":"https:\/\/www.pasko.cz\/author\/#Person","name":"","url":"https:\/\/www.pasko.cz\/author\/","identifier":1,"image":{"@type":"ImageObject","@id":"https:\/\/secure.gravatar.com\/avatar\/ade5060b95d9432296fc92debd2ba3136f7a4d727a7bc57afe18c4808c7d7ac9?s=96&d=mm&r=g","url":"https:\/\/secure.gravatar.com\/avatar\/ade5060b95d9432296fc92debd2ba3136f7a4d727a7bc57afe18c4808c7d7ac9?s=96&d=mm&r=g","height":96,"width":96}},"publisher":{"@type":"Organization","name":"pasko.cz","logo":{"@type":"ImageObject","@id":"\/logo.png","url":"\/logo.png","width":600,"height":60}},"image":null,"wordCount":222,"keywords":null},{"@type":"Article","@id":"https:\/\/www.pasko.cz\/jimky-standardnich-i-nestandardnich-rozmeru\/","headline":"J\u00edmky, standardn\u00edch i nestandardn\u00edch rozm\u011br\u016f","url":"https:\/\/www.pasko.cz\/jimky-standardnich-i-nestandardnich-rozmeru\/","datePublished":"2025-03-11","dateModified":"2025-03-11","mainEntityOfPage":"https:\/\/www.pasko.cz\/jimky-standardnich-i-nestandardnich-rozmeru\/","author":{"@type":"Person","@id":"https:\/\/www.pasko.cz\/author\/#Person","name":"","url":"https:\/\/www.pasko.cz\/author\/","identifier":1,"image":{"@type":"ImageObject","@id":"https:\/\/secure.gravatar.com\/avatar\/ade5060b95d9432296fc92debd2ba3136f7a4d727a7bc57afe18c4808c7d7ac9?s=96&d=mm&r=g","url":"https:\/\/secure.gravatar.com\/avatar\/ade5060b95d9432296fc92debd2ba3136f7a4d727a7bc57afe18c4808c7d7ac9?s=96&d=mm&r=g","height":96,"width":96}},"publisher":{"@type":"Organization","name":"pasko.cz","logo":{"@type":"ImageObject","@id":"\/logo.png","url":"\/logo.png","width":600,"height":60}},"image":null,"wordCount":238,"keywords":null},{"@type":"Article","@id":"https:\/\/www.pasko.cz\/ecko\/","headline":"Ecko","url":"https:\/\/www.pasko.cz\/ecko\/","datePublished":"2025-02-26","dateModified":"2025-02-26","mainEntityOfPage":"https:\/\/www.pasko.cz\/ecko\/","author":{"@type":"Person","@id":"https:\/\/www.pasko.cz\/author\/#Person","name":"","url":"https:\/\/www.pasko.cz\/author\/","identifier":1,"image":{"@type":"ImageObject","@id":"https:\/\/secure.gravatar.com\/avatar\/ade5060b95d9432296fc92debd2ba3136f7a4d727a7bc57afe18c4808c7d7ac9?s=96&d=mm&r=g","url":"https:\/\/secure.gravatar.com\/avatar\/ade5060b95d9432296fc92debd2ba3136f7a4d727a7bc57afe18c4808c7d7ac9?s=96&d=mm&r=g","height":96,"width":96}},"publisher":{"@type":"Organization","name":"pasko.cz","logo":{"@type":"ImageObject","@id":"\/logo.png","url":"\/logo.png","width":600,"height":60}},"image":null,"wordCount":246,"keywords":null},{"@type":"Article","@id":"https:\/\/www.pasko.cz\/pokud-chcete-muzete-mit-septiky-na-pevno\/","headline":"Pokud chcete, m\u016f\u017eete m\u00edt septiky na pevno","url":"https:\/\/www.pasko.cz\/pokud-chcete-muzete-mit-septiky-na-pevno\/","datePublished":"2025-02-19","dateModified":"2025-02-19","mainEntityOfPage":"https:\/\/www.pasko.cz\/pokud-chcete-muzete-mit-septiky-na-pevno\/","author":{"@type":"Person","@id":"https:\/\/www.pasko.cz\/author\/#Person","name":"","url":"https:\/\/www.pasko.cz\/author\/","identifier":1,"image":{"@type":"ImageObject","@id":"https:\/\/secure.gravatar.com\/avatar\/ade5060b95d9432296fc92debd2ba3136f7a4d727a7bc57afe18c4808c7d7ac9?s=96&d=mm&r=g","url":"https:\/\/secure.gravatar.com\/avatar\/ade5060b95d9432296fc92debd2ba3136f7a4d727a7bc57afe18c4808c7d7ac9?s=96&d=mm&r=g","height":96,"width":96}},"publisher":{"@type":"Organization","name":"pasko.cz","logo":{"@type":"ImageObject","@id":"\/logo.png","url":"\/logo.png","width":600,"height":60}},"image":null,"wordCount":196,"keywords":null},{"@type":"Article","@id":"https:\/\/www.pasko.cz\/nova-hriva-za-skvele-ceny\/","headline":"Nov\u00e1 h\u0159\u00edva za skv\u011bl\u00e9 ceny","url":"https:\/\/www.pasko.cz\/nova-hriva-za-skvele-ceny\/","datePublished":"2025-02-14","dateModified":"2025-02-14","mainEntityOfPage":"https:\/\/www.pasko.cz\/nova-hriva-za-skvele-ceny\/","author":{"@type":"Person","@id":"https:\/\/www.pasko.cz\/author\/#Person","name":"","url":"https:\/\/www.pasko.cz\/author\/","identifier":1,"image":{"@type":"ImageObject","@id":"https:\/\/secure.gravatar.com\/avatar\/ade5060b95d9432296fc92debd2ba3136f7a4d727a7bc57afe18c4808c7d7ac9?s=96&d=mm&r=g","url":"https:\/\/secure.gravatar.com\/avatar\/ade5060b95d9432296fc92debd2ba3136f7a4d727a7bc57afe18c4808c7d7ac9?s=96&d=mm&r=g","height":96,"width":96}},"publisher":{"@type":"Organization","name":"pasko.cz","logo":{"@type":"ImageObject","@id":"\/logo.png","url":"\/logo.png","width":600,"height":60}},"image":null,"wordCount":232,"keywords":null},{"@type":"Article","@id":"https:\/\/www.pasko.cz\/nasimi-stresnimi-okny-jsme-si-jisti\/","headline":"Na\u0161imi st\u0159e\u0161n\u00edmi okny jsme si jisti","url":"https:\/\/www.pasko.cz\/nasimi-stresnimi-okny-jsme-si-jisti\/","datePublished":"2025-02-08","dateModified":"2025-02-08","mainEntityOfPage":"https:\/\/www.pasko.cz\/nasimi-stresnimi-okny-jsme-si-jisti\/","author":{"@type":"Person","@id":"https:\/\/www.pasko.cz\/author\/#Person","name":"","url":"https:\/\/www.pasko.cz\/author\/","identifier":1,"image":{"@type":"ImageObject","@id":"https:\/\/secure.gravatar.com\/avatar\/ade5060b95d9432296fc92debd2ba3136f7a4d727a7bc57afe18c4808c7d7ac9?s=96&d=mm&r=g","url":"https:\/\/secure.gravatar.com\/avatar\/ade5060b95d9432296fc92debd2ba3136f7a4d727a7bc57afe18c4808c7d7ac9?s=96&d=mm&r=g","height":96,"width":96}},"publisher":{"@type":"Organization","name":"pasko.cz","logo":{"@type":"ImageObject","@id":"\/logo.png","url":"\/logo.png","width":600,"height":60}},"image":null,"wordCount":162,"keywords":null},{"@type":"Article","@id":"https:\/\/www.pasko.cz\/doplnte-si-sve-sbirky\/","headline":"Dopl\u0148te si sv\u00e9 sb\u00edrky","url":"https:\/\/www.pasko.cz\/doplnte-si-sve-sbirky\/","datePublished":"2025-02-01","dateModified":"2025-02-01","mainEntityOfPage":"https:\/\/www.pasko.cz\/doplnte-si-sve-sbirky\/","author":{"@type":"Person","@id":"https:\/\/www.pasko.cz\/author\/#Person","name":"","url":"https:\/\/www.pasko.cz\/author\/","identifier":1,"image":{"@type":"ImageObject","@id":"https:\/\/secure.gravatar.com\/avatar\/ade5060b95d9432296fc92debd2ba3136f7a4d727a7bc57afe18c4808c7d7ac9?s=96&d=mm&r=g","url":"https:\/\/secure.gravatar.com\/avatar\/ade5060b95d9432296fc92debd2ba3136f7a4d727a7bc57afe18c4808c7d7ac9?s=96&d=mm&r=g","height":96,"width":96}},"publisher":{"@type":"Organization","name":"pasko.cz","logo":{"@type":"ImageObject","@id":"\/logo.png","url":"\/logo.png","width":600,"height":60}},"image":null,"wordCount":211,"keywords":null}]},{"@context":"https:\/\/schema.org","@type":"WebSite","@id":"https:\/\/www.pasko.cz\/#website","name":"Pasko","url":"https:\/\/www.pasko.cz","potentialAction":{"@type":"SearchAction","target":"https:\/\/www.pasko.cz\/?s={search_term_string}","query-input":"required name=search_term_string"}}]