[{"@context":"https:\/\/schema.org\/","@type":"Blog","@id":"https:\/\/www.pasko.cz#Blog","headline":"Pasko","description":"\nM\u00e1te pocit, \u017ee se proti v\u00e1m v\u0161echno na cel\u00e9m sv\u011bt\u011b spiknulo? V\u011b\u0159te, \u017ee tomu tak nen\u00ed. N\u00e1\u0161 web z\u016fst\u00e1v\u00e1 v\u017edy a za v\u0161ech okolnost\u00ed na va\u0161\u00ed stran\u011b.","url":"https:\/\/www.pasko.cz","hasPart":[{"@type":"Article","@id":"https:\/\/www.pasko.cz\/italske-boty\/","headline":"Italsk\u00e9 boty","url":"https:\/\/www.pasko.cz\/italske-boty\/","datePublished":"2025-01-27","dateModified":"2025-01-27","mainEntityOfPage":"https:\/\/www.pasko.cz\/italske-boty\/","author":{"@type":"Person","@id":"https:\/\/www.pasko.cz\/author\/#Person","name":"","url":"https:\/\/www.pasko.cz\/author\/","identifier":1,"image":{"@type":"ImageObject","@id":"https:\/\/secure.gravatar.com\/avatar\/ade5060b95d9432296fc92debd2ba3136f7a4d727a7bc57afe18c4808c7d7ac9?s=96&d=mm&r=g","url":"https:\/\/secure.gravatar.com\/avatar\/ade5060b95d9432296fc92debd2ba3136f7a4d727a7bc57afe18c4808c7d7ac9?s=96&d=mm&r=g","height":96,"width":96}},"publisher":{"@type":"Organization","name":"pasko.cz","logo":{"@type":"ImageObject","@id":"\/logo.png","url":"\/logo.png","width":600,"height":60}},"image":null,"wordCount":216,"keywords":null},{"@type":"Article","@id":"https:\/\/www.pasko.cz\/tommy-hilfiger\/","headline":"Tommy Hilfiger","url":"https:\/\/www.pasko.cz\/tommy-hilfiger\/","datePublished":"2025-01-20","dateModified":"2025-01-20","mainEntityOfPage":"https:\/\/www.pasko.cz\/tommy-hilfiger\/","author":{"@type":"Person","@id":"https:\/\/www.pasko.cz\/author\/#Person","name":"","url":"https:\/\/www.pasko.cz\/author\/","identifier":1,"image":{"@type":"ImageObject","@id":"https:\/\/secure.gravatar.com\/avatar\/ade5060b95d9432296fc92debd2ba3136f7a4d727a7bc57afe18c4808c7d7ac9?s=96&d=mm&r=g","url":"https:\/\/secure.gravatar.com\/avatar\/ade5060b95d9432296fc92debd2ba3136f7a4d727a7bc57afe18c4808c7d7ac9?s=96&d=mm&r=g","height":96,"width":96}},"publisher":{"@type":"Organization","name":"pasko.cz","logo":{"@type":"ImageObject","@id":"\/logo.png","url":"\/logo.png","width":600,"height":60}},"image":null,"wordCount":210,"keywords":null},{"@type":"Article","@id":"https:\/\/www.pasko.cz\/chcete-lepsi-jizdni-vlastnosti\/","headline":"Chcete lep\u0161\u00ed j\u00edzdn\u00ed vlastnosti?","url":"https:\/\/www.pasko.cz\/chcete-lepsi-jizdni-vlastnosti\/","datePublished":"2025-01-13","dateModified":"2025-01-13","mainEntityOfPage":"https:\/\/www.pasko.cz\/chcete-lepsi-jizdni-vlastnosti\/","author":{"@type":"Person","@id":"https:\/\/www.pasko.cz\/author\/#Person","name":"","url":"https:\/\/www.pasko.cz\/author\/","identifier":1,"image":{"@type":"ImageObject","@id":"https:\/\/secure.gravatar.com\/avatar\/ade5060b95d9432296fc92debd2ba3136f7a4d727a7bc57afe18c4808c7d7ac9?s=96&d=mm&r=g","url":"https:\/\/secure.gravatar.com\/avatar\/ade5060b95d9432296fc92debd2ba3136f7a4d727a7bc57afe18c4808c7d7ac9?s=96&d=mm&r=g","height":96,"width":96}},"publisher":{"@type":"Organization","name":"pasko.cz","logo":{"@type":"ImageObject","@id":"\/logo.png","url":"\/logo.png","width":600,"height":60}},"image":null,"wordCount":205,"keywords":null},{"@type":"Article","@id":"https:\/\/www.pasko.cz\/zvolte-si-do-vasich-oken-nase-venkovni-zaluzie\/","headline":"Zvolte si do va\u0161ich oken na\u0161e venkovn\u00ed \u017ealuzie","url":"https:\/\/www.pasko.cz\/zvolte-si-do-vasich-oken-nase-venkovni-zaluzie\/","datePublished":"2025-01-06","dateModified":"2025-01-06","mainEntityOfPage":"https:\/\/www.pasko.cz\/zvolte-si-do-vasich-oken-nase-venkovni-zaluzie\/","author":{"@type":"Person","@id":"https:\/\/www.pasko.cz\/author\/#Person","name":"","url":"https:\/\/www.pasko.cz\/author\/","identifier":1,"image":{"@type":"ImageObject","@id":"https:\/\/secure.gravatar.com\/avatar\/ade5060b95d9432296fc92debd2ba3136f7a4d727a7bc57afe18c4808c7d7ac9?s=96&d=mm&r=g","url":"https:\/\/secure.gravatar.com\/avatar\/ade5060b95d9432296fc92debd2ba3136f7a4d727a7bc57afe18c4808c7d7ac9?s=96&d=mm&r=g","height":96,"width":96}},"publisher":{"@type":"Organization","name":"pasko.cz","logo":{"@type":"ImageObject","@id":"\/logo.png","url":"\/logo.png","width":600,"height":60}},"image":null,"wordCount":199,"keywords":null},{"@type":"Article","@id":"https:\/\/www.pasko.cz\/konstrukce-ktere-hledate-naleznete-prave-u-nas\/","headline":"Konstrukce, kter\u00e9 hled\u00e1te, naleznete pr\u00e1v\u011b u n\u00e1s!","url":"https:\/\/www.pasko.cz\/konstrukce-ktere-hledate-naleznete-prave-u-nas\/","datePublished":"2024-12-29","dateModified":"2024-12-29","mainEntityOfPage":"https:\/\/www.pasko.cz\/konstrukce-ktere-hledate-naleznete-prave-u-nas\/","author":{"@type":"Person","@id":"https:\/\/www.pasko.cz\/author\/#Person","name":"","url":"https:\/\/www.pasko.cz\/author\/","identifier":1,"image":{"@type":"ImageObject","@id":"https:\/\/secure.gravatar.com\/avatar\/ade5060b95d9432296fc92debd2ba3136f7a4d727a7bc57afe18c4808c7d7ac9?s=96&d=mm&r=g","url":"https:\/\/secure.gravatar.com\/avatar\/ade5060b95d9432296fc92debd2ba3136f7a4d727a7bc57afe18c4808c7d7ac9?s=96&d=mm&r=g","height":96,"width":96}},"publisher":{"@type":"Organization","name":"pasko.cz","logo":{"@type":"ImageObject","@id":"\/logo.png","url":"\/logo.png","width":600,"height":60}},"image":null,"wordCount":213,"keywords":null},{"@type":"Article","@id":"https:\/\/www.pasko.cz\/vylety-do-prirody\/","headline":"V\u00fdlety do p\u0159\u00edrody","url":"https:\/\/www.pasko.cz\/vylety-do-prirody\/","datePublished":"2024-12-23","dateModified":"2024-12-23","mainEntityOfPage":"https:\/\/www.pasko.cz\/vylety-do-prirody\/","author":{"@type":"Person","@id":"https:\/\/www.pasko.cz\/author\/#Person","name":"","url":"https:\/\/www.pasko.cz\/author\/","identifier":1,"image":{"@type":"ImageObject","@id":"https:\/\/secure.gravatar.com\/avatar\/ade5060b95d9432296fc92debd2ba3136f7a4d727a7bc57afe18c4808c7d7ac9?s=96&d=mm&r=g","url":"https:\/\/secure.gravatar.com\/avatar\/ade5060b95d9432296fc92debd2ba3136f7a4d727a7bc57afe18c4808c7d7ac9?s=96&d=mm&r=g","height":96,"width":96}},"publisher":{"@type":"Organization","name":"pasko.cz","logo":{"@type":"ImageObject","@id":"\/logo.png","url":"\/logo.png","width":600,"height":60}},"image":null,"wordCount":245,"keywords":null},{"@type":"Article","@id":"https:\/\/www.pasko.cz\/zajimave-vzory-skvele-barevne-provedeni\/","headline":"Zaj\u00edmav\u00e9 vzory, skv\u011bl\u00e9 barevn\u00e9 proveden\u00ed","url":"https:\/\/www.pasko.cz\/zajimave-vzory-skvele-barevne-provedeni\/","datePublished":"2024-12-15","dateModified":"2024-12-15","mainEntityOfPage":"https:\/\/www.pasko.cz\/zajimave-vzory-skvele-barevne-provedeni\/","author":{"@type":"Person","@id":"https:\/\/www.pasko.cz\/author\/#Person","name":"","url":"https:\/\/www.pasko.cz\/author\/","identifier":1,"image":{"@type":"ImageObject","@id":"https:\/\/secure.gravatar.com\/avatar\/ade5060b95d9432296fc92debd2ba3136f7a4d727a7bc57afe18c4808c7d7ac9?s=96&d=mm&r=g","url":"https:\/\/secure.gravatar.com\/avatar\/ade5060b95d9432296fc92debd2ba3136f7a4d727a7bc57afe18c4808c7d7ac9?s=96&d=mm&r=g","height":96,"width":96}},"publisher":{"@type":"Organization","name":"pasko.cz","logo":{"@type":"ImageObject","@id":"\/logo.png","url":"\/logo.png","width":600,"height":60}},"image":null,"wordCount":337,"keywords":null},{"@type":"Article","@id":"https:\/\/www.pasko.cz\/pr\/","headline":"PR","url":"https:\/\/www.pasko.cz\/pr\/","datePublished":"2024-12-12","dateModified":"2024-12-12","mainEntityOfPage":"https:\/\/www.pasko.cz\/pr\/","author":{"@type":"Person","@id":"https:\/\/www.pasko.cz\/author\/#Person","name":"","url":"https:\/\/www.pasko.cz\/author\/","identifier":1,"image":{"@type":"ImageObject","@id":"https:\/\/secure.gravatar.com\/avatar\/ade5060b95d9432296fc92debd2ba3136f7a4d727a7bc57afe18c4808c7d7ac9?s=96&d=mm&r=g","url":"https:\/\/secure.gravatar.com\/avatar\/ade5060b95d9432296fc92debd2ba3136f7a4d727a7bc57afe18c4808c7d7ac9?s=96&d=mm&r=g","height":96,"width":96}},"publisher":{"@type":"Organization","name":"pasko.cz","logo":{"@type":"ImageObject","@id":"\/logo.png","url":"\/logo.png","width":600,"height":60}},"image":null,"wordCount":245,"keywords":null},{"@type":"Article","@id":"https:\/\/www.pasko.cz\/chytry-podnikatel-se-vyhne-starostem\/","headline":"Chytr\u00fd podnikatel se vyhne starostem!","url":"https:\/\/www.pasko.cz\/chytry-podnikatel-se-vyhne-starostem\/","datePublished":"2024-12-04","dateModified":"2024-12-04","mainEntityOfPage":"https:\/\/www.pasko.cz\/chytry-podnikatel-se-vyhne-starostem\/","author":{"@type":"Person","@id":"https:\/\/www.pasko.cz\/author\/#Person","name":"","url":"https:\/\/www.pasko.cz\/author\/","identifier":1,"image":{"@type":"ImageObject","@id":"https:\/\/secure.gravatar.com\/avatar\/ade5060b95d9432296fc92debd2ba3136f7a4d727a7bc57afe18c4808c7d7ac9?s=96&d=mm&r=g","url":"https:\/\/secure.gravatar.com\/avatar\/ade5060b95d9432296fc92debd2ba3136f7a4d727a7bc57afe18c4808c7d7ac9?s=96&d=mm&r=g","height":96,"width":96}},"publisher":{"@type":"Organization","name":"pasko.cz","logo":{"@type":"ImageObject","@id":"\/logo.png","url":"\/logo.png","width":600,"height":60}},"image":null,"wordCount":219,"keywords":null},{"@type":"Article","@id":"https:\/\/www.pasko.cz\/doma-v-klidu-a-teple\/","headline":"Doma v klidu a teple","url":"https:\/\/www.pasko.cz\/doma-v-klidu-a-teple\/","datePublished":"2024-11-26","dateModified":"2024-11-26","mainEntityOfPage":"https:\/\/www.pasko.cz\/doma-v-klidu-a-teple\/","author":{"@type":"Person","@id":"https:\/\/www.pasko.cz\/author\/#Person","name":"","url":"https:\/\/www.pasko.cz\/author\/","identifier":1,"image":{"@type":"ImageObject","@id":"https:\/\/secure.gravatar.com\/avatar\/ade5060b95d9432296fc92debd2ba3136f7a4d727a7bc57afe18c4808c7d7ac9?s=96&d=mm&r=g","url":"https:\/\/secure.gravatar.com\/avatar\/ade5060b95d9432296fc92debd2ba3136f7a4d727a7bc57afe18c4808c7d7ac9?s=96&d=mm&r=g","height":96,"width":96}},"publisher":{"@type":"Organization","name":"pasko.cz","logo":{"@type":"ImageObject","@id":"\/logo.png","url":"\/logo.png","width":600,"height":60}},"image":null,"wordCount":213,"keywords":null}]},{"@context":"https:\/\/schema.org","@type":"WebSite","@id":"https:\/\/www.pasko.cz\/#website","name":"Pasko","url":"https:\/\/www.pasko.cz","potentialAction":{"@type":"SearchAction","target":"https:\/\/www.pasko.cz\/?s={search_term_string}","query-input":"required name=search_term_string"}}]