[{"@context":"https:\/\/schema.org\/","@type":"Article","@id":"https:\/\/www.pasko.cz\/terasa-ci-zahrada-nase-kousky-se-hodi-kamkoli\/#Article","mainEntityOfPage":"https:\/\/www.pasko.cz\/terasa-ci-zahrada-nase-kousky-se-hodi-kamkoli\/","headline":"Terasa \u010di zahrada, na\u0161e kousky se hod\u00ed kamkoli","name":"Terasa \u010di zahrada, na\u0161e kousky se hod\u00ed kamkoli","description":"Na\u0161e firma v\u00e1m poskytuje spousty zbo\u017e\u00ed, kter\u00e9 by se v\u00e1m jist\u011b mohli hodit. Nab\u00edz\u00edme opravdovou kvalitu za ty nejni\u017e\u0161\u00ed ceny, a proto byste se na na\u0161e zbo\u017e\u00ed m\u011bli co nejd\u0159\u00edve pod\u00edvat. Chyb\u00ed v\u00e1m nap\u0159\u00edklad n\u011bjak\u00fd opravdu p\u011bkn\u00fd kousek, kter\u00fd by v\u00e1m d\u011blal spole\u010dnost p\u0159i posezen\u00ed na va\u0161\u00ed zahrad\u011b \u010di terase?<!--hoot-read-more-quicktag-->","datePublished":"2023-10-22","dateModified":"2023-10-22","author":{"@type":"Person","@id":"https:\/\/www.pasko.cz\/author\/#Person","name":"","url":"https:\/\/www.pasko.cz\/author\/","identifier":1,"image":{"@type":"ImageObject","@id":"https:\/\/secure.gravatar.com\/avatar\/ade5060b95d9432296fc92debd2ba3136f7a4d727a7bc57afe18c4808c7d7ac9?s=96&d=mm&r=g","url":"https:\/\/secure.gravatar.com\/avatar\/ade5060b95d9432296fc92debd2ba3136f7a4d727a7bc57afe18c4808c7d7ac9?s=96&d=mm&r=g","height":96,"width":96}},"publisher":{"@type":"Organization","name":"pasko.cz","logo":{"@type":"ImageObject","@id":"\/logo.png","url":"\/logo.png","width":600,"height":60}},"url":"https:\/\/www.pasko.cz\/terasa-ci-zahrada-nase-kousky-se-hodi-kamkoli\/","wordCount":235,"articleBody":"Na\u0161e firma v\u00e1m poskytuje spousty zbo\u017e\u00ed, kter\u00e9 by se v\u00e1m jist\u011b mohli hodit. Nab\u00edz\u00edme opravdovou kvalitu za ty nejni\u017e\u0161\u00ed ceny, a proto byste se na na\u0161e zbo\u017e\u00ed m\u011bli co nejd\u0159\u00edve pod\u00edvat. Chyb\u00ed v\u00e1m nap\u0159\u00edklad n\u011bjak\u00fd opravdu p\u011bkn\u00fd kousek, kter\u00fd by v\u00e1m d\u011blal spole\u010dnost p\u0159i posezen\u00ed na va\u0161\u00ed zahrad\u011b \u010di terase? V tom p\u0159\u00edpad\u011b jste u n\u00e1s opravdu spr\u00e1vn\u011b. Zaru\u010dujeme v\u00e1m, \u017ee d\u00edky kvalit\u011b a designu, kter\u00e9 nab\u00edz\u00edme, to ve va\u0161em exteri\u00e9ru bude vypadat naprosto dokonale a vy se k n\u00e1m budete velmi r\u00e1di vracet.Keramick\u00e1 kr\u00e1sa, kterou si velmi obl\u00edb\u00edteV\u00fdrobky z keramiky jsou v dne\u0161n\u00ed dob\u011b opravdu \u017e\u00e1dan\u00e9 a jejich vzhled je opravdu kouzeln\u00fd. Pokud tak\u00e9 tou\u017e\u00edte po n\u011b\u010dem, co by bylo vyrobeno z tohoto bezkonkuren\u010dn\u00edho materi\u00e1lu, tak pro v\u00e1s m\u00e1me nab\u00eddku, kter\u00e1 se opravdu neodm\u00edt\u00e1. Vlastn\u00edte d\u016fm se zahradou \u010di terasou, na kter\u00e9 r\u00e1di po\u0159\u00e1d\u00e1te ve\u010d\u00edrky? V tom p\u0159\u00edpad\u011b si po\u0159i\u010fte jeden z na\u0161ich terakotov\u00fdch gril\u016f a uvid\u00edte, \u017ee lep\u0161\u00ed n\u00e1kup jste rozhodn\u011b ud\u011blat nemohli. Na\u0161e kousky se hod\u00ed opravdu do jak\u00e9hokoli exteri\u00e9ru, proto nev\u00e1hejte a taky si jeden po\u0159i\u010fte!                                                                                                                                                                                                                                                                                                                                                                                                "},{"@context":"https:\/\/schema.org\/","@type":"BreadcrumbList","itemListElement":[{"@type":"ListItem","position":1,"name":"Terasa \u010di zahrada, na\u0161e kousky se hod\u00ed kamkoli","item":"https:\/\/www.pasko.cz\/terasa-ci-zahrada-nase-kousky-se-hodi-kamkoli\/#breadcrumbitem"}]}]