[{"@context":"https:\/\/schema.org\/","@type":"Article","@id":"https:\/\/www.pasko.cz\/vejire\/#Article","mainEntityOfPage":"https:\/\/www.pasko.cz\/vejire\/","headline":"V\u011bj\u00ed\u0159e","name":"V\u011bj\u00ed\u0159e","description":"Skl\u00e1dac\u00ed typy jsou v podstat\u011b v\u00fdtvorem pozd\u011bj\u0161\u00ed doby. I kdy\u017e to mo\u017en\u00e1 z n\u00ed neuv\u011b\u0159iteln\u011b, tak v minulosti neexistovaly pouze v\u011bj\u00ed\u0159e, kter\u00e9 snadno rozev\u0159ete a zase zp\u011bt zav\u0159ete. Skl\u00e1dac\u00ed typy jsou v podstat\u011b v\u00fdtvorem pozd\u011bj\u0161\u00ed doby. V samotn\u00fdch po\u010d\u00e1tc\u00edch se toti\u017e vytv\u00e1\u0159ely zejm\u00e9na v\u011bj\u00ed\u0159e pevn\u00e9, kter\u00e9 se nedaly poskl\u00e1dat. I<!--hoot-read-more-quicktag-->","datePublished":"2025-04-25","dateModified":"2025-04-25","author":{"@type":"Person","@id":"https:\/\/www.pasko.cz\/author\/#Person","name":"","url":"https:\/\/www.pasko.cz\/author\/","identifier":1,"image":{"@type":"ImageObject","@id":"https:\/\/secure.gravatar.com\/avatar\/ade5060b95d9432296fc92debd2ba3136f7a4d727a7bc57afe18c4808c7d7ac9?s=96&d=mm&r=g","url":"https:\/\/secure.gravatar.com\/avatar\/ade5060b95d9432296fc92debd2ba3136f7a4d727a7bc57afe18c4808c7d7ac9?s=96&d=mm&r=g","height":96,"width":96}},"publisher":{"@type":"Organization","name":"pasko.cz","logo":{"@type":"ImageObject","@id":"\/logo.png","url":"\/logo.png","width":600,"height":60}},"url":"https:\/\/www.pasko.cz\/vejire\/","wordCount":191,"articleBody":"Skl\u00e1dac\u00ed typy jsou v podstat\u011b v\u00fdtvorem pozd\u011bj\u0161\u00ed doby. I kdy\u017e to mo\u017en\u00e1 z n\u00ed neuv\u011b\u0159iteln\u011b, tak v minulosti neexistovaly pouze v\u011bj\u00ed\u0159e, kter\u00e9 snadno rozev\u0159ete a zase zp\u011bt zav\u0159ete. Skl\u00e1dac\u00ed typy jsou v podstat\u011b v\u00fdtvorem pozd\u011bj\u0161\u00ed doby.V samotn\u00fdch po\u010d\u00e1tc\u00edch se toti\u017e vytv\u00e1\u0159ely zejm\u00e9na v\u011bj\u00ed\u0159e pevn\u00e9, kter\u00e9 se nedaly poskl\u00e1dat. I kdy\u017e tento typ m\u011bl v sob\u011b kouzlo, tak pou\u017eitelnost a skladnost vyhr\u00e1la, proto se postupn\u011b tento typ p\u0159estal t\u00e9m\u011b\u0159 vyr\u00e1b\u011bt a dnes ho sp\u00ed\u0161e uvid\u00edte v n\u011bjak\u00e9m muzeu, ne\u017e-li v obchod\u011b. Pokud byste si v\u0161ak cht\u011bli koupit skl\u00e1dac\u00ed v\u011bj\u00ed\u0159, tak m\u00e1te jedine\u010dnou p\u0159\u00edle\u017eitost. R\u00e1di V\u00e1m n\u011bjak\u00fd prod\u00e1me.N\u00edzk\u00e1 cenaKdy\u017e jsme zalo\u017eili n\u00e1\u0161 obchod s orientac\u00ed na orient\u00e1ln\u00ed zbo\u017e\u00ed, tak jsme cht\u011bli, abyste mohli koupit ve\u0161ker\u00e9 na\u0161e p\u0159edm\u011bty za n\u00edzk\u00e9 ceny. Proto si m\u016f\u017eete po\u0159\u00eddit v\u011bj\u00ed\u0159e ji\u017e za n\u011bkolik des\u00edtek korun.                                                                                                                                                                                                                                                                                                                                                                                                "},{"@context":"https:\/\/schema.org\/","@type":"BreadcrumbList","itemListElement":[{"@type":"ListItem","position":1,"name":"V\u011bj\u00ed\u0159e","item":"https:\/\/www.pasko.cz\/vejire\/#breadcrumbitem"}]}]